{"id":10344,"date":"2026-03-11T22:08:39","date_gmt":"2026-03-11T21:08:39","guid":{"rendered":"https:\/\/gemmaduaso.cat\/?p=10344"},"modified":"2026-03-12T09:27:58","modified_gmt":"2026-03-12T08:27:58","slug":"orientacion-educativa","status":"publish","type":"post","link":"https:\/\/gemmaduaso.cat\/es\/orientacion-educativa\/","title":{"rendered":"Estudios a elegir: Orientaci\u00f3n Educativa"},"content":{"rendered":"\n<p><\/p>\n\n\n<h2>\u00a0<\/h2>\n<h3><b>Una\u00a0perspectiva amplia de la orientaci\u00f3n educativa<\/b><\/h3>\n<p>En\u00a0un contexto educativo cada vez m\u00e1s complejo y cambiante, la <b>orientaci\u00f3n\u00a0educativa<\/b> se ha convertido en un pilar fundamental para el <b>desarrollo\u00a0integral del alumnado<\/b>. Hoy en d\u00eda, ya no se trata \u00fanicamente de ayudar a\u00a0los estudiantes a decidir entre <b>Bachillerato, Formaci\u00f3n Profesional o\u00a0estudios universitarios<\/b>. La orientaci\u00f3n va mucho m\u00e1s all\u00e1: implica\u00a0<b>acompa\u00f1ar\u00a0procesos vitales, acad\u00e9micos y personales<\/b> a lo largo de las diferentes\u00a0etapas educativas.<\/p>\n<p>La\u00a0educaci\u00f3n actual exige una mirada global que tenga en cuenta el bienestar, las\u00a0capacidades y los intereses del alumnado, favoreciendo as\u00ed la construcci\u00f3n de\u00a0un proyecto de vida coherente y significativo.<\/p>\n<h3><b>Los dos grandes pilares de la orientaci\u00f3n educativa<\/b><\/h3>\n<h4><b>Orientaci\u00f3n acad\u00e9mica<\/b><\/h4>\n<p>La <b>orientaci\u00f3n\u00a0acad\u00e9mica<\/b> se centra en el desarrollo de competencias clave para el aprendizaje y la toma de decisiones al elegir estudios. Entre ellas destacan:<\/p>\n<ul style=\"margin-top: 0cm;\" type=\"disc\">\n<li>Autoconocimiento<\/li>\n<li>Toma de decisiones<\/li>\n<li>Gesti\u00f3n emocional<\/li>\n<li>Autonom\u00eda y\u00a0responsabilidad<\/li>\n<li>Planificaci\u00f3n del\u00a0proyecto de vida<\/li>\n<\/ul>\n<p>Adem\u00e1s,\u00a0tambi\u00e9n trabaja aspectos fundamentales para el \u00e9xito escolar, como:<\/p>\n<ul style=\"margin-top: 0cm;\" type=\"disc\">\n<li>T\u00e9cnicas de estudio<\/li>\n<li>H\u00e1bitos de aprendizaje<\/li>\n<li>Organizaci\u00f3n del tiempo<\/li>\n<li>Creaci\u00f3n de un clima\u00a0favorable para el aprendizaje<\/li>\n<\/ul>\n<p>Todo\u00a0ello contribuye a que el alumnado pueda <b>desarrollar su potencial y mejorar\u00a0su rendimiento acad\u00e9mico<\/b>.<\/p>\n<h4><b>Orientaci\u00f3n\u00a0profesional o vocacional<\/b><\/h4>\n<p>La <b>orientaci\u00f3n <\/b>es un procedimiento continuo de construcci\u00f3n del <b>proyecto\u00a0vocacional y profesional<\/b> que evoluciona a lo largo de la vida. En\u00a0determinados momentos, las personas pueden replantearse su trayectoria y\u00a0decidir cambiar de rumbo profesional.<\/p>\n<p>Este proceso comienza desde las primeras etapas de la educaci\u00f3n y adquiere especial\u00a0relevancia al final de la <b>educaci\u00f3n obligatoria<\/b>, cuando el alumnado debe\u00a0tomar decisiones importantes sobre su futuro formativo.<\/p>\n<p>A\u00a0trav\u00e9s de <b>asignaturas optativas, itinerarios formativos y diferentes ramas\u00a0de estudio<\/b>, los estudiantes pueden descubrir:<\/p>\n<ul style=\"margin-top: 0cm;\" type=\"disc\">\n<li>sus habilidades<\/li>\n<li>sus intereses<\/li>\n<li>sus motivaciones<\/li>\n<li>sus preferencias\u00a0profesionales<\/li>\n<\/ul>\n<p>Este\u00a0descubrimiento progresivo facilita una elecci\u00f3n formativa m\u00e1s consciente y\u00a0alineada con sus capacidades.<\/p>\n<hr \/>\n<h3><b>\u00bfQu\u00e9\u00a0es realmente la orientaci\u00f3n educativa?<\/b><\/h3>\n<p>Es un proceso de <b>apoyo, acompa\u00f1amiento y asesoramiento\u00a0<\/b>dirigido a las personas durante su etapa formativa y, en muchos casos, tambi\u00e9n\u00a0en su desarrollo profesional.<\/p>\n<p>Aunque\u00a0tradicionalmente se ha centrado en estudiantes adolescentes, actualmente\u00a0tambi\u00e9n se aplica cada vez m\u00e1s en\u00a0<b>j\u00f3venes y personas adultas<\/b> que\u00a0necesitan redefinir su trayectoria acad\u00e9mica o laboral.<\/p>\n<p>Este\u00a0acompa\u00f1amiento permite dise\u00f1ar un <b>itinerario personal, acad\u00e9mico,\u00a0profesional y social<\/b>, con el objetivo de:<\/p>\n<ul style=\"margin-top: 0cm;\" type=\"disc\">\n<li>mejorar la participaci\u00f3n\u00a0en la sociedad<\/li>\n<li>favorecer la\u00a0empleabilidad<\/li>\n<li>potenciar el desarrollo\u00a0personal<\/li>\n<li>aumentar el bienestar y\u00a0la satisfacci\u00f3n vital<\/li>\n<\/ul>\n<h3><b>C\u00f3mo se realiza el proceso de orientaci\u00f3n y por qu\u00e9 es tan importante<\/b><\/h3>\n<p>Acompa\u00f1ar\u00a0el <b>proceso de orientaci\u00f3n educativa y profesional<\/b> es fundamental para\u00a0ofrecer herramientas, informaci\u00f3n y nuevas perspectivas a los estudiantes.<\/p>\n<p>Actualmente\u00a0existen recursos oficiales como <b>Tria Educativa<\/b>, del Departament\u00a0d\u2019Educaci\u00f3, as\u00ed como <b>tests de autoconocimiento, intereses, habilidades y\u00a0motivaci\u00f3n<\/b>. Sin embargo, toda esta informaci\u00f3n requiere de <b>profesionales especializados en orientaci\u00f3n educativa<\/b> capaces de:<\/p>\n<ul style=\"margin-top: 0cm;\" type=\"disc\">\n<li>interpretar los\u00a0resultados<\/li>\n<li>organizar la informaci\u00f3n disponible<\/li>\n<li>guiar a cada persona<\/li>\n<li>dise\u00f1ar itinerarios personalizados seg\u00fan su perfil<\/li>\n<\/ul>\n<p>En el contexto actual, marcado por:<\/p>\n<ul style=\"margin-top: 0cm;\" type=\"disc\">\n<li>la <b>incertidumbre del mercado laboral<\/b><\/li>\n<li>el impacto creciente de la <b>inteligencia artificial<\/b><\/li>\n<li>la gran diversidad de <b>estudios,\u00a0carreras y salidas profesionales<\/b><\/li>\n<\/ul>\n<p>La\u00a0orientaci\u00f3n educativa se ha convertido en una <b>herramienta clave para tomar\u00a0decisiones informadas<\/b>.<\/p>\n<p>Adem\u00e1s,\u00a0la presi\u00f3n social y acad\u00e9mica que experimentan muchos j\u00f3venes genera una mayor necesidad de\u00a0<b>acompa\u00f1amiento, gu\u00eda y apoyo profesional<\/b> para afrontar los retos del futuro con seguridad y confianza.<\/p>\n<p><b>\u00a0<\/b><\/p>\n<p><b>Esther\u00a0Ferrer<\/b><\/p>\n<p>Psicopedagoga y Orientadora Educativa<\/p>\n\n\n<p><\/p>\n","protected":false},"excerpt":{"rendered":"<p>\u00a0 Una\u00a0perspectiva amplia de la orientaci\u00f3n educativa En\u00a0un contexto educativo cada vez m\u00e1s complejo y cambiante, la orientaci\u00f3n\u00a0educativa se ha convertido en un pilar fundamental para el desarrollo\u00a0integral del alumnado. Hoy en d\u00eda, ya no se trata \u00fanicamente de ayudar a\u00a0los estudiantes a decidir entre Bachillerato, Formaci\u00f3n Profesional o\u00a0estudios universitarios. La orientaci\u00f3n va mucho m\u00e1s &hellip; <a href=\"https:\/\/gemmaduaso.cat\/es\/orientacion-educativa\/\" class=\"more-link\">Continue reading <span class=\"screen-reader-text\">Estudios a elegir: Orientaci\u00f3n Educativa<\/span><\/a><\/p>\n","protected":false},"author":2,"featured_media":10351,"comment_status":"open","ping_status":"open","sticky":false,"template":"","format":"standard","meta":{"footnotes":""},"categories":[1],"tags":[],"class_list":["post-10344","post","type-post","status-publish","format-standard","has-post-thumbnail","hentry","category-noticias"],"aioseo_notices":[],"_links":{"self":[{"href":"https:\/\/gemmaduaso.cat\/es\/wp-json\/wp\/v2\/posts\/10344","targetHints":{"allow":["GET"]}}],"collection":[{"href":"https:\/\/gemmaduaso.cat\/es\/wp-json\/wp\/v2\/posts"}],"about":[{"href":"https:\/\/gemmaduaso.cat\/es\/wp-json\/wp\/v2\/types\/post"}],"author":[{"embeddable":true,"href":"https:\/\/gemmaduaso.cat\/es\/wp-json\/wp\/v2\/users\/2"}],"replies":[{"embeddable":true,"href":"https:\/\/gemmaduaso.cat\/es\/wp-json\/wp\/v2\/comments?post=10344"}],"version-history":[{"count":11,"href":"https:\/\/gemmaduaso.cat\/es\/wp-json\/wp\/v2\/posts\/10344\/revisions"}],"predecessor-version":[{"id":10369,"href":"https:\/\/gemmaduaso.cat\/es\/wp-json\/wp\/v2\/posts\/10344\/revisions\/10369"}],"wp:featuredmedia":[{"embeddable":true,"href":"https:\/\/gemmaduaso.cat\/es\/wp-json\/wp\/v2\/media\/10351"}],"wp:attachment":[{"href":"https:\/\/gemmaduaso.cat\/es\/wp-json\/wp\/v2\/media?parent=10344"}],"wp:term":[{"taxonomy":"category","embeddable":true,"href":"https:\/\/gemmaduaso.cat\/es\/wp-json\/wp\/v2\/categories?post=10344"},{"taxonomy":"post_tag","embeddable":true,"href":"https:\/\/gemmaduaso.cat\/es\/wp-json\/wp\/v2\/tags?post=10344"}],"curies":[{"name":"wp","href":"https:\/\/api.w.org\/{rel}","templated":true}]}}